{"id":1961,"date":"2017-11-11T18:09:15","date_gmt":"2017-11-11T23:09:15","guid":{"rendered":"http:\/\/www.marianopolis.edu\/horizonsimaginaires\/?p=1961"},"modified":"2017-11-11T18:11:27","modified_gmt":"2017-11-11T23:11:27","slug":"lorsque-tournent-les-pages-gelees","status":"publish","type":"post","link":"https:\/\/www.marianopolis.edu\/horizonsimaginaires\/2017\/11\/11\/lorsque-tournent-les-pages-gelees\/","title":{"rendered":"Lorsque tournent les pages gel\u00e9es"},"content":{"rendered":"<p>&nbsp;<\/p>\n<h2>Par <a href=\"http:\/\/www.marianopolis.edu\/horizonsimaginaires\/nos-redacteurs\/petit-questionnaire-de-sabina-roman\/\" target=\"_blank\" rel=\"noopener\">Sabina Roman<\/a><\/h2>\n<p>&nbsp;<\/p>\n<p><em>La chair de Cl\u00e9mentine<\/em> est le deuxi\u00e8me roman de Vincent Brault, qui est paru cet automne chez H\u00e9liotrope. C\u2019est une \u0153uvre o\u00f9 le froid transporte le r\u00e9cit et le guide. Au fil des chapitres, la temp\u00e9rature chute, les degr\u00e9s tombent un \u00e0 un, tandis qu\u2019on apprend \u00e0 conna\u00eetre Gustave, le personnage principal; un \u00eatre \u00e9trange et myst\u00e9rieux, que d\u00e9voile une narration o\u00f9 se m\u00ealent des \u00e9l\u00e9ments du genre policier et du fantastique.<!--more--><\/p>\n<p>&nbsp;<\/p>\n<p>C\u2019est un livre fait de sensations, o\u00f9 le froid et le chaud luttent, dans un puissant corps \u00e0 corps.\u00a0En lisant le livre, j\u2019ai parfois eu la sensation qu\u2019on a lorsque le bout du nez g\u00e8le au point o\u00f9 la respiration en est l\u00e9g\u00e8rement affect\u00e9e. Ou celle, un peu inconfortable, que peuvent avoir les mains, apr\u00e8s s\u2019\u00eatre refroidies sans qu\u2019on s\u2019en rende compte, et qu\u2019on constate seulement une fois bien au chaud \u00e0 l\u2019int\u00e9rieur; une sensation forte, qui engourdit les doigts et emp\u00eache de les plier ais\u00e9ment&#8230; J\u2019ai trouv\u00e9 que le roman r\u00e9pondait harmonieusement \u00e0 ces \u00e9tats, qu\u2019il correspondait parfaitement \u00e0 mes attentes de lecture et aux sensations que je ressens naturellement en cette fin-de-l\u2019automne-ou-d\u00e9but-d\u2019hiver, qui est marqu\u00e9e par le changement de la temp\u00e9rature aussi bien que par celui des m\u0153urs. En effet, je me sens toujours moins apte \u00e0 sortir dehors \u00e0 ce temps-ci de l\u2019ann\u00e9e, lorsque le sol commence \u00e0 geler, \u00e0 craquer&#8230; J\u2019ai plut\u00f4t tendance \u00e0 m\u2019enfermer chez moi (\u00e0 me renfermer en moi?) au lieu de carr\u00e9ment affronter le froid et passer la journ\u00e9e \u00e0 faire du ski. D\u2019ailleurs, j\u2019y vois un \u00e9cho de Gustave, reclus, dont la solitude est caus\u00e9e par la crainte que ses pouvoirs incontr\u00f4lables provoquent chez les autres; Gustave est en effet potentiellement dangereux aux yeux des gens qui connaissent ses dons \u00e9tranges\u2026<\/p>\n<p>&nbsp;<\/p>\n<div id=\"attachment_1964\" style=\"width: 710px\" class=\"wp-caption aligncenter\"><img loading=\"lazy\" decoding=\"async\" aria-describedby=\"caption-attachment-1964\" class=\"wp-image-1964\" src=\"http:\/\/www.marianopolis.edu\/horizonsimaginaires\/wp-content\/uploads\/2017\/11\/IMG_0315-e1510441564327-225x300.jpg\" alt=\"\" width=\"700\" height=\"933\" srcset=\"https:\/\/www.marianopolis.edu\/horizonsimaginaires\/wp-content\/uploads\/2017\/11\/IMG_0315-e1510441564327-225x300.jpg 225w, https:\/\/www.marianopolis.edu\/horizonsimaginaires\/wp-content\/uploads\/2017\/11\/IMG_0315-e1510441564327-768x1024.jpg 768w\" sizes=\"auto, (max-width: 700px) 100vw, 700px\" \/><p id=\"caption-attachment-1964\" class=\"wp-caption-text\"><strong>Cr\u00e9dit: Sabina Roman<\/strong><\/p><\/div>\n<p>&nbsp;<\/p>\n<p>\u00c0 mes yeux, <em>La chair de Cl\u00e9mentine<\/em> r\u00e9ussit \u00e0 mettre en place des circonstances troublantes qui font bien avancer le r\u00e9cit, ainsi qu\u2019un personnage vraiment intrigant, aux pouvoirs mortif\u00e8res assez perturbants: par exemple, les animaux mourants se dirigent vers lui, tout naturellement, en pr\u00e9vision d\u2019une mort douce, indolore. Il y a des \u00e9l\u00e9ments qui demeurent inexpliqu\u00e9s dans ce court roman, mais comme lecteurs, on les accepte tout aussi paisiblement que les b\u00eates allant vers Gustave, comme si celui-ci nous avait aussi subjugu\u00e9s. Peut-\u00eatre s\u2019agit-il l\u00e0 d\u2019un autre de ses pouvoirs? Par ailleurs, au-del\u00e0 des animaux malades, il semble aussi savoir rep\u00e9rer les humains sur le point de mourir: eux aussi, il peut les lib\u00e9rer en les serrant dans ses bras. M\u00eame si le r\u00f4le de Gustave m\u2019a fait fr\u00e9mir, que son rapport avec la mort m\u2019est d\u2019abord apparu comme repoussant, d\u2019autant plus qu\u2019il agit ainsi depuis qu\u2019il est tout jeune, un peu au hasard, et que j\u2019ai du mal \u00e0 relier l\u2019enfance \u00e0 la mort, j\u2019ai fini par voir quelque chose de bon et d\u2019intime dans ses enlacements d\u2019\u00e9trangers. Vincent Brault allie r\u00e9ellement bien la morbidit\u00e9 \u00e0 l\u2019innocence pour cr\u00e9er autre chose de curieusement attirant!<\/p>\n<p>&nbsp;<\/p>\n<p>Gustave vit certes dans la confusion, comprenant mal les rapports m\u00e9fiants que ceux qui l\u2019entourent entretiennent avec lui, notamment son p\u00e8re. Mais il lui arrive des moments de clart\u00e9, lors de connexions intenses avec certains \u00eatres, notamment lorsqu\u2019il prend les mourants dans ses bras. Je ne sais pas s\u2019il est vrai de dire que Gustave r\u00e9ussit \u00e0 trouver du r\u00e9confort de cette fa\u00e7on, \u00e0 conna\u00eetre un peu de chaleur humaine, mais j\u2019aimerais bien le croire parce que comme lectrice, je veux que ce personnage solitaire et isol\u00e9 du monde des vivants puisse avoir un semblant de vie, lui aussi. Car la chaleur r\u00e9elle, de son c\u00f4t\u00e9, s\u2019av\u00e8re son ennemie depuis toujours, et ce n\u2019est pas vers elle qu\u2019il peut aller pour mieux se sentir. \u00c0 moins qu\u2019un changement s\u2019op\u00e8re lorsqu\u2019il d\u00e9couvre comment toucher autrement? Je vous laisse le d\u00e9couvrir, si vous croyez pouvoir accepter l\u2019\u00e9treinte de Gustave, ce que je vous recommande \u00abchaudement\u00bb, tandis que les nuits de novembre s\u2019effilent&#8230;<\/p>\n<p>&nbsp;<\/p>\n<p>R\u00e9vision: Alina Orza et Mathieu Lauzon-Dicso<\/p>\n","protected":false},"excerpt":{"rendered":"<p>&nbsp; Par Sabina Roman &nbsp; La chair de Cl\u00e9mentine est le deuxi\u00e8me roman de Vincent Brault, qui est paru cet automne chez H\u00e9liotrope. C\u2019est une \u0153uvre o\u00f9 le froid transporte le r\u00e9cit et le guide. Au fil des chapitres, la temp\u00e9rature chute, les degr\u00e9s tombent un \u00e0 un, tandis qu\u2019on apprend \u00e0 conna\u00eetre Gustave, le [&hellip;]<\/p>\n","protected":false},"author":5,"featured_media":1967,"comment_status":"open","ping_status":"open","sticky":false,"template":"","format":"standard","meta":{"_acf_changed":false,"footnotes":""},"categories":[52],"tags":[91,276,187,274,83,90,66,275],"class_list":["post-1961","post","type-post","status-publish","format-standard","has-post-thumbnail","hentry","category-romans-et-bandes-dessinees","tag-fantastique","tag-gore","tag-heliotrope","tag-la-chair-de-clementine","tag-litterature-quebecoise","tag-quebec","tag-sffq","tag-vincent-brault"],"acf":[],"_links":{"self":[{"href":"https:\/\/www.marianopolis.edu\/horizonsimaginaires\/wp-json\/wp\/v2\/posts\/1961","targetHints":{"allow":["GET"]}}],"collection":[{"href":"https:\/\/www.marianopolis.edu\/horizonsimaginaires\/wp-json\/wp\/v2\/posts"}],"about":[{"href":"https:\/\/www.marianopolis.edu\/horizonsimaginaires\/wp-json\/wp\/v2\/types\/post"}],"author":[{"embeddable":true,"href":"https:\/\/www.marianopolis.edu\/horizonsimaginaires\/wp-json\/wp\/v2\/users\/5"}],"replies":[{"embeddable":true,"href":"https:\/\/www.marianopolis.edu\/horizonsimaginaires\/wp-json\/wp\/v2\/comments?post=1961"}],"version-history":[{"count":3,"href":"https:\/\/www.marianopolis.edu\/horizonsimaginaires\/wp-json\/wp\/v2\/posts\/1961\/revisions"}],"predecessor-version":[{"id":1969,"href":"https:\/\/www.marianopolis.edu\/horizonsimaginaires\/wp-json\/wp\/v2\/posts\/1961\/revisions\/1969"}],"wp:featuredmedia":[{"embeddable":true,"href":"https:\/\/www.marianopolis.edu\/horizonsimaginaires\/wp-json\/wp\/v2\/media\/1967"}],"wp:attachment":[{"href":"https:\/\/www.marianopolis.edu\/horizonsimaginaires\/wp-json\/wp\/v2\/media?parent=1961"}],"wp:term":[{"taxonomy":"category","embeddable":true,"href":"https:\/\/www.marianopolis.edu\/horizonsimaginaires\/wp-json\/wp\/v2\/categories?post=1961"},{"taxonomy":"post_tag","embeddable":true,"href":"https:\/\/www.marianopolis.edu\/horizonsimaginaires\/wp-json\/wp\/v2\/tags?post=1961"}],"curies":[{"name":"wp","href":"https:\/\/api.w.org\/{rel}","templated":true}]}}